{"id":4265,"date":"2025-03-27T22:16:07","date_gmt":"2025-03-28T03:16:07","guid":{"rendered":"https:\/\/perlatodo.com\/perla\/?p=4265"},"modified":"2025-04-22T17:36:13","modified_gmt":"2025-04-22T22:36:13","slug":"lider-comercial-barrancabermeja-santander","status":"publish","type":"post","link":"https:\/\/perlatodo.com\/perla\/lider-comercial-barrancabermeja-santander\/","title":{"rendered":"Lider comercial &#8211; Barrancabermeja, Santander"},"content":{"rendered":"\t\t<div data-elementor-type=\"wp-post\" data-elementor-id=\"4265\" class=\"elementor elementor-4265\" data-elementor-post-type=\"post\">\n\t\t\t\t\t\t<section data-particle_enable=\"false\" data-particle-mobile-disabled=\"false\" class=\"elementor-section elementor-top-section elementor-element elementor-element-4c5838a elementor-section-boxed elementor-section-height-default elementor-section-height-default\" data-id=\"4c5838a\" data-element_type=\"section\" data-e-type=\"section\">\n\t\t\t\t\t\t<div class=\"elementor-container elementor-column-gap-default\">\n\t\t\t\t\t<div class=\"elementor-column elementor-col-100 elementor-top-column elementor-element elementor-element-c2a29de\" data-id=\"c2a29de\" data-element_type=\"column\" data-e-type=\"column\">\n\t\t\t<div class=\"elementor-widget-wrap elementor-element-populated\">\n\t\t\t\t\t\t<div class=\"elementor-element elementor-element-475540a2 elementor-widget__width-initial elementor-widget elementor-widget-text-editor\" data-id=\"475540a2\" data-element_type=\"widget\" data-e-type=\"widget\" data-widget_type=\"text-editor.default\">\n\t\t\t\t<div class=\"elementor-widget-container\">\n\t\t\t\t\t\t\t\t\t<p class=\"\" data-start=\"85\" data-end=\"137\">\ud83d\ude80 <strong data-start=\"88\" data-end=\"137\">\u00a1\u00danete a nuestro equipo como L\u00edder Comercial!<\/strong><\/p><p class=\"\" data-start=\"139\" data-end=\"271\">Si tienes habilidades de liderazgo, experiencia en ventas y deseas formar parte de un equipo din\u00e1mico, \u00a1esta oportunidad es para ti!<\/p><p class=\"\" data-start=\"273\" data-end=\"627\">\ud83d\udccd <strong data-start=\"276\" data-end=\"290\">Ubicaci\u00f3n:<\/strong> Barrancabermeja<br data-start=\"306\" data-end=\"309\" \/>\ud83d\udcc4 <strong data-start=\"312\" data-end=\"332\">Nivel Acad\u00e9mico:<\/strong> Tecn\u00f3logo o Profesional en Administraci\u00f3n, Mercadeo, Ventas o afines<br data-start=\"401\" data-end=\"404\" \/>\ud83d\ude97 <strong data-start=\"407\" data-end=\"421\">Requisito:<\/strong> Contar con veh\u00edculo propio<br data-start=\"448\" data-end=\"451\" \/>\u23f3 <strong data-start=\"453\" data-end=\"472\">Disponibilidad:<\/strong> Tiempo completo<br data-start=\"488\" data-end=\"491\" \/>\ud83d\udcb0 <strong data-start=\"494\" data-end=\"506\">Salario:<\/strong> $2.200.000 mensuales<br data-start=\"527\" data-end=\"530\" \/>\ud83d\udcc4 <strong data-start=\"533\" data-end=\"554\">Tipo de contrato:<\/strong> A t\u00e9rmino fijo<br data-start=\"569\" data-end=\"572\" \/>\ud83c\udfaf <strong data-start=\"575\" data-end=\"590\">Beneficios:<\/strong> Comisiones por cumplimiento de metas<\/p><h3 class=\"\" data-start=\"634\" data-end=\"660\"><strong data-start=\"638\" data-end=\"660\">Responsabilidades:<\/strong><\/h3><p class=\"\" data-start=\"662\" data-end=\"816\">\u2705 Liderar y gestionar un equipo de trabajo<br data-start=\"704\" data-end=\"707\" \/>\u2705 Desarrollar y fortalecer el canal TAT<br data-start=\"746\" data-end=\"749\" \/>\u2705 Garantizar el cumplimiento de indicadores y objetivos comerciales<\/p><h3 class=\"\" data-start=\"823\" data-end=\"842\"><strong data-start=\"827\" data-end=\"842\">Requisitos:<\/strong><\/h3><p class=\"\" data-start=\"844\" data-end=\"1038\">\ud83d\udd39 M\u00ednimo 3 a\u00f1os de experiencia en roles similares<br data-start=\"894\" data-end=\"897\" \/>\ud83d\udd39 Habilidades en gesti\u00f3n comercial y liderazgo de equipos<br data-start=\"955\" data-end=\"958\" \/>\ud83d\udd39 Capacidad para trabajar por metas y resultados<br data-start=\"1007\" data-end=\"1010\" \/>\ud83d\udd39 Proactividad e iniciativa<\/p>\t\t\t\t\t\t\t\t<\/div>\n\t\t\t\t<\/div>\n\t\t\t\t\t<\/div>\n\t\t<\/div>\n\t\t\t\t\t<\/div>\n\t\t<\/section>\n\t\t\t\t<\/div>\n\t\t","protected":false},"excerpt":{"rendered":"<p>\ud83d\ude80 \u00a1\u00danete a nuestro equipo como L\u00edder Comercial! Si tienes habilidades de liderazgo, experiencia en ventas y deseas formar parte de un equipo din\u00e1mico, \u00a1esta oportunidad es para ti! \ud83d\udccd Ubicaci\u00f3n: Barrancabermeja\ud83d\udcc4 Nivel Acad\u00e9mico: Tecn\u00f3logo o Profesional en Administraci\u00f3n, Mercadeo, Ventas o afines\ud83d\ude97 Requisito: Contar con veh\u00edculo propio\u23f3 Disponibilidad: Tiempo completo\ud83d\udcb0 Salario: $2.200.000 mensuales\ud83d\udcc4 Tipo [&hellip;]<\/p>\n","protected":false},"author":1,"featured_media":4246,"comment_status":"closed","ping_status":"closed","sticky":false,"template":"","format":"standard","meta":{"footnotes":""},"categories":[12],"tags":[],"class_list":["post-4265","post","type-post","status-publish","format-standard","has-post-thumbnail","hentry","category-vacantes"],"_links":{"self":[{"href":"https:\/\/perlatodo.com\/perla\/wp-json\/wp\/v2\/posts\/4265","targetHints":{"allow":["GET"]}}],"collection":[{"href":"https:\/\/perlatodo.com\/perla\/wp-json\/wp\/v2\/posts"}],"about":[{"href":"https:\/\/perlatodo.com\/perla\/wp-json\/wp\/v2\/types\/post"}],"author":[{"embeddable":true,"href":"https:\/\/perlatodo.com\/perla\/wp-json\/wp\/v2\/users\/1"}],"replies":[{"embeddable":true,"href":"https:\/\/perlatodo.com\/perla\/wp-json\/wp\/v2\/comments?post=4265"}],"version-history":[{"count":0,"href":"https:\/\/perlatodo.com\/perla\/wp-json\/wp\/v2\/posts\/4265\/revisions"}],"wp:featuredmedia":[{"embeddable":true,"href":"https:\/\/perlatodo.com\/perla\/wp-json\/wp\/v2\/media\/4246"}],"wp:attachment":[{"href":"https:\/\/perlatodo.com\/perla\/wp-json\/wp\/v2\/media?parent=4265"}],"wp:term":[{"taxonomy":"category","embeddable":true,"href":"https:\/\/perlatodo.com\/perla\/wp-json\/wp\/v2\/categories?post=4265"},{"taxonomy":"post_tag","embeddable":true,"href":"https:\/\/perlatodo.com\/perla\/wp-json\/wp\/v2\/tags?post=4265"}],"curies":[{"name":"wp","href":"https:\/\/api.w.org\/{rel}","templated":true}]}}