{"id":4101,"date":"2025-02-27T22:23:31","date_gmt":"2025-02-28T03:23:31","guid":{"rendered":"https:\/\/perlatodo.com\/perla\/?p=4101"},"modified":"2025-04-22T17:31:13","modified_gmt":"2025-04-22T22:31:13","slug":"lider-comercial-playon-santander","status":"publish","type":"post","link":"https:\/\/perlatodo.com\/perla\/lider-comercial-playon-santander\/","title":{"rendered":"Lider comercial &#8211; Socorro, Santander"},"content":{"rendered":"\t\t<div data-elementor-type=\"wp-post\" data-elementor-id=\"4101\" class=\"elementor elementor-4101\" data-elementor-post-type=\"post\">\n\t\t\t\t\t\t<section data-particle_enable=\"false\" data-particle-mobile-disabled=\"false\" class=\"elementor-section elementor-top-section elementor-element elementor-element-4c5838a elementor-section-boxed elementor-section-height-default elementor-section-height-default\" data-id=\"4c5838a\" data-element_type=\"section\" data-e-type=\"section\">\n\t\t\t\t\t\t<div class=\"elementor-container elementor-column-gap-default\">\n\t\t\t\t\t<div class=\"elementor-column elementor-col-100 elementor-top-column elementor-element elementor-element-c2a29de\" data-id=\"c2a29de\" data-element_type=\"column\" data-e-type=\"column\">\n\t\t\t<div class=\"elementor-widget-wrap elementor-element-populated\">\n\t\t\t\t\t\t<div class=\"elementor-element elementor-element-475540a2 elementor-widget__width-initial elementor-widget elementor-widget-text-editor\" data-id=\"475540a2\" data-element_type=\"widget\" data-e-type=\"widget\" data-widget_type=\"text-editor.default\">\n\t\t\t\t<div class=\"elementor-widget-container\">\n\t\t\t\t\t\t\t\t\t<p class=\"\" data-start=\"155\" data-end=\"207\">\ud83d\ude80 <strong data-start=\"158\" data-end=\"207\">\u00a1\u00danete a nuestro equipo como L\u00edder Comercial!<\/strong><\/p><p class=\"\" data-start=\"209\" data-end=\"341\">Si tienes habilidades de liderazgo, experiencia en ventas y deseas formar parte de un equipo din\u00e1mico, \u00a1esta oportunidad es para ti!<\/p><p class=\"\" data-start=\"343\" data-end=\"699\">\ud83d\udccd <strong data-start=\"346\" data-end=\"360\">Ubicaci\u00f3n:<\/strong> El Play\u00f3n<br data-start=\"370\" data-end=\"373\" \/>\ud83d\udcc4 <strong data-start=\"376\" data-end=\"396\">Nivel Acad\u00e9mico:<\/strong> Tecn\u00f3logo o Profesional en Administraci\u00f3n, Mercadeo, Ventas o afines.<br data-start=\"466\" data-end=\"469\" \/>\ud83d\ude97 <strong data-start=\"472\" data-end=\"486\">Requisito:<\/strong> Contar con veh\u00edculo propio.<br data-start=\"514\" data-end=\"517\" \/>\u23f3 <strong data-start=\"519\" data-end=\"538\">Disponibilidad:<\/strong> Tiempo completo y para desplazarse.<br data-start=\"574\" data-end=\"577\" \/>\ud83d\udcb0 <strong data-start=\"580\" data-end=\"592\">Salario:<\/strong> $2.200.000 mensuales (Contrato a t\u00e9rmino fijo).<br data-start=\"640\" data-end=\"643\" \/>\ud83c\udfaf <strong data-start=\"646\" data-end=\"661\">Beneficios:<\/strong> Comisiones por cumplimiento de metas.<\/p><h3 class=\"\" data-start=\"706\" data-end=\"732\"><strong data-start=\"710\" data-end=\"732\">Responsabilidades:<\/strong><\/h3><p class=\"\" data-start=\"734\" data-end=\"891\">\u2705 Liderar y gestionar un equipo de trabajo.<br data-start=\"777\" data-end=\"780\" \/>\u2705 Desarrollar y fortalecer el canal TAT.<br data-start=\"820\" data-end=\"823\" \/>\u2705 Garantizar el cumplimiento de indicadores y objetivos comerciales.<\/p><h3 class=\"\" data-start=\"898\" data-end=\"917\"><strong data-start=\"902\" data-end=\"917\">Requisitos:<\/strong><\/h3><p class=\"\" data-start=\"919\" data-end=\"1190\">\ud83d\udd39 M\u00ednimo 3 a\u00f1os de experiencia en roles similares.<br data-start=\"970\" data-end=\"973\" \/>\ud83d\udd39 Educaci\u00f3n m\u00ednima: Universidad \/ Carrera tecnol\u00f3gica.<br data-start=\"1028\" data-end=\"1031\" \/>\ud83d\udd39 Habilidades en gesti\u00f3n comercial y liderazgo de equipos.<br data-start=\"1090\" data-end=\"1093\" \/>\ud83d\udd39 Capacidad para trabajar por metas y resultados.<br data-start=\"1143\" data-end=\"1146\" \/>\ud83d\udd39 Tener iniciativa y pasi\u00f3n por las ventas.<\/p>\t\t\t\t\t\t\t\t<\/div>\n\t\t\t\t<\/div>\n\t\t\t\t\t<\/div>\n\t\t<\/div>\n\t\t\t\t\t<\/div>\n\t\t<\/section>\n\t\t\t\t<\/div>\n\t\t","protected":false},"excerpt":{"rendered":"<p>\ud83d\ude80 \u00a1\u00danete a nuestro equipo como L\u00edder Comercial! Si tienes habilidades de liderazgo, experiencia en ventas y deseas formar parte de un equipo din\u00e1mico, \u00a1esta oportunidad es para ti! \ud83d\udccd Ubicaci\u00f3n: El Play\u00f3n\ud83d\udcc4 Nivel Acad\u00e9mico: Tecn\u00f3logo o Profesional en Administraci\u00f3n, Mercadeo, Ventas o afines.\ud83d\ude97 Requisito: Contar con veh\u00edculo propio.\u23f3 Disponibilidad: Tiempo completo y para desplazarse.\ud83d\udcb0 [&hellip;]<\/p>\n","protected":false},"author":1,"featured_media":4246,"comment_status":"closed","ping_status":"closed","sticky":false,"template":"","format":"standard","meta":{"footnotes":""},"categories":[12],"tags":[],"class_list":["post-4101","post","type-post","status-publish","format-standard","has-post-thumbnail","hentry","category-vacantes"],"_links":{"self":[{"href":"https:\/\/perlatodo.com\/perla\/wp-json\/wp\/v2\/posts\/4101","targetHints":{"allow":["GET"]}}],"collection":[{"href":"https:\/\/perlatodo.com\/perla\/wp-json\/wp\/v2\/posts"}],"about":[{"href":"https:\/\/perlatodo.com\/perla\/wp-json\/wp\/v2\/types\/post"}],"author":[{"embeddable":true,"href":"https:\/\/perlatodo.com\/perla\/wp-json\/wp\/v2\/users\/1"}],"replies":[{"embeddable":true,"href":"https:\/\/perlatodo.com\/perla\/wp-json\/wp\/v2\/comments?post=4101"}],"version-history":[{"count":0,"href":"https:\/\/perlatodo.com\/perla\/wp-json\/wp\/v2\/posts\/4101\/revisions"}],"wp:featuredmedia":[{"embeddable":true,"href":"https:\/\/perlatodo.com\/perla\/wp-json\/wp\/v2\/media\/4246"}],"wp:attachment":[{"href":"https:\/\/perlatodo.com\/perla\/wp-json\/wp\/v2\/media?parent=4101"}],"wp:term":[{"taxonomy":"category","embeddable":true,"href":"https:\/\/perlatodo.com\/perla\/wp-json\/wp\/v2\/categories?post=4101"},{"taxonomy":"post_tag","embeddable":true,"href":"https:\/\/perlatodo.com\/perla\/wp-json\/wp\/v2\/tags?post=4101"}],"curies":[{"name":"wp","href":"https:\/\/api.w.org\/{rel}","templated":true}]}}